{"id":1297,"date":"2023-11-03T12:27:00","date_gmt":"2023-11-03T12:27:00","guid":{"rendered":"https:\/\/spaceproduction.se\/?p=1297"},"modified":"2024-12-20T12:29:54","modified_gmt":"2024-12-20T12:29:54","slug":"valkommen-till-amina-chargings-monter","status":"publish","type":"post","link":"https:\/\/spaceproduction.se\/en\/2023\/11\/03\/valkommen-till-amina-chargings-monter\/","title":{"rendered":"Welcome to Amina Charging's booth"},"content":{"rendered":"<div data-elementor-type=\"wp-post\" data-elementor-id=\"1297\" class=\"elementor elementor-1297\" data-elementor-post-type=\"post\">\n\t\t\t\t<div class=\"elementor-element elementor-element-33a91cf e-flex e-con-boxed e-con e-parent\" data-id=\"33a91cf\" data-element_type=\"container\" data-e-type=\"container\">\n\t\t\t\t\t<div class=\"e-con-inner\">\n\t\t\t\t<div class=\"elementor-element elementor-element-e152709 elementor-widget elementor-widget-text-editor\" data-id=\"e152709\" data-element_type=\"widget\" data-e-type=\"widget\" data-widget_type=\"text-editor.default\">\n\t\t\t\t<div class=\"elementor-widget-container\">\n\t\t\t\t\t\t\t\t\t<div class=\"xdj266r x11i5rnm xat24cr x1mh8g0r x1vvkbs x126k92a\"><div dir=\"auto\">We have had the honour of working together with Amina Charging, a Norwegian start-up in the electric car charging industry, to create a fabulous booth at the eCar Expo in Copenhagen.<\/div><div dir=\"auto\">\u00a0<\/div><\/div><div class=\"x11i5rnm xat24cr x1mh8g0r x1vvkbs xtlvy1s x126k92a\"><div dir=\"auto\">Our journey with Amina Charging began with idea development, where our creative team worked closely with Amina to capture their vision and brand. Following, we continued into the design and production phase where every detail emerged into a booth that was not only aesthetically pleasing, but also functional and inviting for the visitors.<\/div><div dir=\"auto\">\u00a0<\/div><\/div><div class=\"x11i5rnm xat24cr x1mh8g0r x1vvkbs xtlvy1s x126k92a\"><div dir=\"auto\">The idea behind the stand was to create an atmosphere reminiscent of a \"modern art gallery\", to really stand out and make a strong impression. We wanted the visitors to feel inspired and experience a sense of innovation and creativity when they stepped into the stand. Enjoy the results!<\/div><\/div>\t\t\t\t\t\t\t\t<\/div>\n\t\t\t\t<\/div>\n\t\t\t\t<div class=\"elementor-element elementor-element-9a0b004 elementor-widget elementor-widget-gallery\" data-id=\"9a0b004\" data-element_type=\"widget\" data-e-type=\"widget\" data-settings=\"{&quot;columns&quot;:1,&quot;lazyload&quot;:&quot;yes&quot;,&quot;gallery_layout&quot;:&quot;grid&quot;,&quot;columns_tablet&quot;:2,&quot;columns_mobile&quot;:1,&quot;gap&quot;:{&quot;unit&quot;:&quot;px&quot;,&quot;size&quot;:10,&quot;sizes&quot;:[]},&quot;gap_tablet&quot;:{&quot;unit&quot;:&quot;px&quot;,&quot;size&quot;:10,&quot;sizes&quot;:[]},&quot;gap_mobile&quot;:{&quot;unit&quot;:&quot;px&quot;,&quot;size&quot;:10,&quot;sizes&quot;:[]},&quot;aspect_ratio&quot;:&quot;3:2&quot;,&quot;content_hover_animation&quot;:&quot;fade-in&quot;}\" data-widget_type=\"gallery.default\">\n\t\t\t\t<div class=\"elementor-widget-container\">\n\t\t\t\t\t\t\t<div class=\"elementor-gallery__container\">\n\t\t\t\t\t\t\t<div class=\"e-gallery-item elementor-gallery-item elementor-animated-content\">\n\t\t\t\t\t<div class=\"e-gallery-image elementor-gallery-item__image\" data-thumbnail=\"https:\/\/spaceproduction.se\/wp-content\/uploads\/2024\/12\/398744920_822184006583694_4823889982913881207_n-1024x768.jpg\" data-width=\"800\" data-height=\"600\" aria-label=\"\" role=\"img\" ><\/div>\n\t\t\t\t\t\t\t\t\t\t\t\t\t\t<\/div>\n\t\t\t\t\t\t\t<div class=\"e-gallery-item elementor-gallery-item elementor-animated-content\">\n\t\t\t\t\t<div class=\"e-gallery-image elementor-gallery-item__image\" data-thumbnail=\"https:\/\/spaceproduction.se\/wp-content\/uploads\/2024\/12\/398676146_822184016583693_122501376428549208_n-1024x768.jpg\" data-width=\"800\" data-height=\"600\" aria-label=\"\" role=\"img\" ><\/div>\n\t\t\t\t\t\t\t\t\t\t\t\t\t\t<\/div>\n\t\t\t\t\t\t\t<div class=\"e-gallery-item elementor-gallery-item elementor-animated-content\">\n\t\t\t\t\t<div class=\"e-gallery-image elementor-gallery-item__image\" data-thumbnail=\"https:\/\/spaceproduction.se\/wp-content\/uploads\/2024\/12\/398724932_822184019917026_4914042613074197589_n-1024x768.jpg\" data-width=\"800\" data-height=\"600\" aria-label=\"\" role=\"img\" ><\/div>\n\t\t\t\t\t\t\t\t\t\t\t\t\t\t<\/div>\n\t\t\t\t\t<\/div>\n\t\t\t\t\t<\/div>\n\t\t\t\t<\/div>\n\t\t\t\t\t<\/div>\n\t\t\t\t<\/div>\n\t\t\t\t<\/div>","protected":false},"excerpt":{"rendered":"<p>We have had the honour of working together with Amina Charging, to create a fabulous booth at the eCar Expo in Copenhagen<\/p>","protected":false},"author":1,"featured_media":1300,"comment_status":"open","ping_status":"open","sticky":false,"template":"","format":"standard","meta":{"_jetpack_memberships_contains_paid_content":false,"footnotes":""},"categories":[12],"tags":[],"class_list":["post-1297","post","type-post","status-publish","format-standard","has-post-thumbnail","hentry","category-event"],"yoast_head":"<!-- This site is optimized with the Yoast SEO plugin v27.5 - https:\/\/yoast.com\/product\/yoast-seo-wordpress\/ -->\n<title>V\u00e4lkommen till Amina Chargings monter - Space Production<\/title>\n<meta name=\"description\" content=\"Space Production \u00e4r Nordens ledande helhetsleverant\u00f6r inom m\u00e4ssa, event och inredningsproduktion.\" \/>\n<meta name=\"robots\" content=\"index, follow, max-snippet:-1, max-image-preview:large, max-video-preview:-1\" \/>\n<link rel=\"canonical\" href=\"https:\/\/spaceproduction.se\/en\/2023\/11\/03\/valkommen-till-amina-chargings-monter\/\" \/>\n<meta property=\"og:locale\" content=\"en_GB\" \/>\n<meta property=\"og:type\" content=\"article\" \/>\n<meta property=\"og:title\" content=\"V\u00e4lkommen till Amina Chargings monter - Space Production\" \/>\n<meta property=\"og:description\" content=\"Space Production \u00e4r Nordens ledande helhetsleverant\u00f6r inom m\u00e4ssa, event och inredningsproduktion.\" \/>\n<meta property=\"og:url\" content=\"https:\/\/spaceproduction.se\/en\/2023\/11\/03\/valkommen-till-amina-chargings-monter\/\" \/>\n<meta property=\"og:site_name\" content=\"Space Production\" \/>\n<meta property=\"article:publisher\" content=\"https:\/\/www.facebook.com\/spaceproduction.se\" \/>\n<meta property=\"article:published_time\" content=\"2023-11-03T12:27:00+00:00\" \/>\n<meta property=\"article:modified_time\" content=\"2024-12-20T12:29:54+00:00\" \/>\n<meta property=\"og:image\" content=\"http:\/\/spaceproduction.se\/wp-content\/uploads\/2024\/12\/398724932_822184019917026_4914042613074197589_n.jpg\" \/>\n\t<meta property=\"og:image:width\" content=\"2048\" \/>\n\t<meta property=\"og:image:height\" content=\"1536\" \/>\n\t<meta property=\"og:image:type\" content=\"image\/jpeg\" \/>\n<meta name=\"author\" content=\"Space Production\" \/>\n<meta name=\"twitter:card\" content=\"summary_large_image\" \/>\n<meta name=\"twitter:label1\" content=\"Written by\" \/>\n\t<meta name=\"twitter:data1\" content=\"Space Production\" \/>\n\t<meta name=\"twitter:label2\" content=\"Estimated reading time\" \/>\n\t<meta name=\"twitter:data2\" content=\"1 minute\" \/>\n<script type=\"application\/ld+json\" class=\"yoast-schema-graph\">{\"@context\":\"https:\\\/\\\/schema.org\",\"@graph\":[{\"@type\":\"Article\",\"@id\":\"https:\\\/\\\/spaceproduction.se\\\/2023\\\/11\\\/03\\\/valkommen-till-amina-chargings-monter\\\/#article\",\"isPartOf\":{\"@id\":\"https:\\\/\\\/spaceproduction.se\\\/2023\\\/11\\\/03\\\/valkommen-till-amina-chargings-monter\\\/\"},\"author\":{\"name\":\"Space Production\",\"@id\":\"https:\\\/\\\/spaceproduction.se\\\/#\\\/schema\\\/person\\\/94eee119fd2870df1fee567389ec9da8\"},\"headline\":\"V\u00e4lkommen till Amina Chargings monter\",\"datePublished\":\"2023-11-03T12:27:00+00:00\",\"dateModified\":\"2024-12-20T12:29:54+00:00\",\"mainEntityOfPage\":{\"@id\":\"https:\\\/\\\/spaceproduction.se\\\/2023\\\/11\\\/03\\\/valkommen-till-amina-chargings-monter\\\/\"},\"wordCount\":167,\"commentCount\":0,\"publisher\":{\"@id\":\"https:\\\/\\\/spaceproduction.se\\\/#organization\"},\"image\":{\"@id\":\"https:\\\/\\\/spaceproduction.se\\\/2023\\\/11\\\/03\\\/valkommen-till-amina-chargings-monter\\\/#primaryimage\"},\"thumbnailUrl\":\"https:\\\/\\\/spaceproduction.se\\\/wp-content\\\/uploads\\\/2024\\\/12\\\/398724932_822184019917026_4914042613074197589_n.jpg\",\"articleSection\":[\"Event\"],\"inLanguage\":\"en-GB\",\"potentialAction\":[{\"@type\":\"CommentAction\",\"name\":\"Comment\",\"target\":[\"https:\\\/\\\/spaceproduction.se\\\/2023\\\/11\\\/03\\\/valkommen-till-amina-chargings-monter\\\/#respond\"]}]},{\"@type\":\"WebPage\",\"@id\":\"https:\\\/\\\/spaceproduction.se\\\/2023\\\/11\\\/03\\\/valkommen-till-amina-chargings-monter\\\/\",\"url\":\"https:\\\/\\\/spaceproduction.se\\\/2023\\\/11\\\/03\\\/valkommen-till-amina-chargings-monter\\\/\",\"name\":\"V\u00e4lkommen till Amina Chargings monter - Space Production\",\"isPartOf\":{\"@id\":\"https:\\\/\\\/spaceproduction.se\\\/#website\"},\"primaryImageOfPage\":{\"@id\":\"https:\\\/\\\/spaceproduction.se\\\/2023\\\/11\\\/03\\\/valkommen-till-amina-chargings-monter\\\/#primaryimage\"},\"image\":{\"@id\":\"https:\\\/\\\/spaceproduction.se\\\/2023\\\/11\\\/03\\\/valkommen-till-amina-chargings-monter\\\/#primaryimage\"},\"thumbnailUrl\":\"https:\\\/\\\/spaceproduction.se\\\/wp-content\\\/uploads\\\/2024\\\/12\\\/398724932_822184019917026_4914042613074197589_n.jpg\",\"datePublished\":\"2023-11-03T12:27:00+00:00\",\"dateModified\":\"2024-12-20T12:29:54+00:00\",\"description\":\"Space Production \u00e4r Nordens ledande helhetsleverant\u00f6r inom m\u00e4ssa, event och inredningsproduktion.\",\"breadcrumb\":{\"@id\":\"https:\\\/\\\/spaceproduction.se\\\/2023\\\/11\\\/03\\\/valkommen-till-amina-chargings-monter\\\/#breadcrumb\"},\"inLanguage\":\"en-GB\",\"potentialAction\":[{\"@type\":\"ReadAction\",\"target\":[\"https:\\\/\\\/spaceproduction.se\\\/2023\\\/11\\\/03\\\/valkommen-till-amina-chargings-monter\\\/\"]}]},{\"@type\":\"ImageObject\",\"inLanguage\":\"en-GB\",\"@id\":\"https:\\\/\\\/spaceproduction.se\\\/2023\\\/11\\\/03\\\/valkommen-till-amina-chargings-monter\\\/#primaryimage\",\"url\":\"https:\\\/\\\/spaceproduction.se\\\/wp-content\\\/uploads\\\/2024\\\/12\\\/398724932_822184019917026_4914042613074197589_n.jpg\",\"contentUrl\":\"https:\\\/\\\/spaceproduction.se\\\/wp-content\\\/uploads\\\/2024\\\/12\\\/398724932_822184019917026_4914042613074197589_n.jpg\",\"width\":2048,\"height\":1536},{\"@type\":\"BreadcrumbList\",\"@id\":\"https:\\\/\\\/spaceproduction.se\\\/2023\\\/11\\\/03\\\/valkommen-till-amina-chargings-monter\\\/#breadcrumb\",\"itemListElement\":[{\"@type\":\"ListItem\",\"position\":1,\"name\":\"Hem\",\"item\":\"https:\\\/\\\/spaceproduction.se\\\/\"},{\"@type\":\"ListItem\",\"position\":2,\"name\":\"V\u00e4lkommen till Amina Chargings monter\"}]},{\"@type\":\"WebSite\",\"@id\":\"https:\\\/\\\/spaceproduction.se\\\/#website\",\"url\":\"https:\\\/\\\/spaceproduction.se\\\/\",\"name\":\"Space Production\",\"description\":\"Montrar Event Inredning\",\"publisher\":{\"@id\":\"https:\\\/\\\/spaceproduction.se\\\/#organization\"},\"alternateName\":\"Space\",\"potentialAction\":[{\"@type\":\"SearchAction\",\"target\":{\"@type\":\"EntryPoint\",\"urlTemplate\":\"https:\\\/\\\/spaceproduction.se\\\/?s={search_term_string}\"},\"query-input\":{\"@type\":\"PropertyValueSpecification\",\"valueRequired\":true,\"valueName\":\"search_term_string\"}}],\"inLanguage\":\"en-GB\"},{\"@type\":\"Organization\",\"@id\":\"https:\\\/\\\/spaceproduction.se\\\/#organization\",\"name\":\"Space Production\",\"alternateName\":\"Space\",\"url\":\"https:\\\/\\\/spaceproduction.se\\\/\",\"logo\":{\"@type\":\"ImageObject\",\"inLanguage\":\"en-GB\",\"@id\":\"https:\\\/\\\/spaceproduction.se\\\/#\\\/schema\\\/logo\\\/image\\\/\",\"url\":\"https:\\\/\\\/spaceproduction.se\\\/wp-content\\\/uploads\\\/2024\\\/12\\\/Space-Logo-Blue.jpg\",\"contentUrl\":\"https:\\\/\\\/spaceproduction.se\\\/wp-content\\\/uploads\\\/2024\\\/12\\\/Space-Logo-Blue.jpg\",\"width\":567,\"height\":567,\"caption\":\"Space Production\"},\"image\":{\"@id\":\"https:\\\/\\\/spaceproduction.se\\\/#\\\/schema\\\/logo\\\/image\\\/\"},\"sameAs\":[\"https:\\\/\\\/www.facebook.com\\\/spaceproduction.se\",\"https:\\\/\\\/www.instagram.com\\\/spaceproductiongbg\\\/\",\"https:\\\/\\\/www.linkedin.com\\\/company\\\/space-production-ab\\\/\"]},{\"@type\":\"Person\",\"@id\":\"https:\\\/\\\/spaceproduction.se\\\/#\\\/schema\\\/person\\\/94eee119fd2870df1fee567389ec9da8\",\"name\":\"Space Production\",\"image\":{\"@type\":\"ImageObject\",\"inLanguage\":\"en-GB\",\"@id\":\"https:\\\/\\\/secure.gravatar.com\\\/avatar\\\/84d4bbc6907448b8b0be7d7945756e079a6d41d91a1607fb31107dc43178eab3?s=96&d=mm&r=g\",\"url\":\"https:\\\/\\\/secure.gravatar.com\\\/avatar\\\/84d4bbc6907448b8b0be7d7945756e079a6d41d91a1607fb31107dc43178eab3?s=96&d=mm&r=g\",\"contentUrl\":\"https:\\\/\\\/secure.gravatar.com\\\/avatar\\\/84d4bbc6907448b8b0be7d7945756e079a6d41d91a1607fb31107dc43178eab3?s=96&d=mm&r=g\",\"caption\":\"Space Production\"},\"sameAs\":[\"https:\\\/\\\/spaceproduction.se\"],\"url\":\"https:\\\/\\\/spaceproduction.se\\\/en\\\/author\\\/admin\\\/\"}]}<\/script>\n<!-- \/ Yoast SEO plugin. -->","yoast_head_json":{"title":"V\u00e4lkommen till Amina Chargings monter - Space Production","description":"Space Production \u00e4r Nordens ledande helhetsleverant\u00f6r inom m\u00e4ssa, event och inredningsproduktion.","robots":{"index":"index","follow":"follow","max-snippet":"max-snippet:-1","max-image-preview":"max-image-preview:large","max-video-preview":"max-video-preview:-1"},"canonical":"https:\/\/spaceproduction.se\/en\/2023\/11\/03\/valkommen-till-amina-chargings-monter\/","og_locale":"en_GB","og_type":"article","og_title":"V\u00e4lkommen till Amina Chargings monter - Space Production","og_description":"Space Production \u00e4r Nordens ledande helhetsleverant\u00f6r inom m\u00e4ssa, event och inredningsproduktion.","og_url":"https:\/\/spaceproduction.se\/en\/2023\/11\/03\/valkommen-till-amina-chargings-monter\/","og_site_name":"Space Production","article_publisher":"https:\/\/www.facebook.com\/spaceproduction.se","article_published_time":"2023-11-03T12:27:00+00:00","article_modified_time":"2024-12-20T12:29:54+00:00","og_image":[{"width":2048,"height":1536,"url":"http:\/\/spaceproduction.se\/wp-content\/uploads\/2024\/12\/398724932_822184019917026_4914042613074197589_n.jpg","type":"image\/jpeg"}],"author":"Space Production","twitter_card":"summary_large_image","twitter_misc":{"Written by":"Space Production","Estimated reading time":"1 minute"},"schema":{"@context":"https:\/\/schema.org","@graph":[{"@type":"Article","@id":"https:\/\/spaceproduction.se\/2023\/11\/03\/valkommen-till-amina-chargings-monter\/#article","isPartOf":{"@id":"https:\/\/spaceproduction.se\/2023\/11\/03\/valkommen-till-amina-chargings-monter\/"},"author":{"name":"Space Production","@id":"https:\/\/spaceproduction.se\/#\/schema\/person\/94eee119fd2870df1fee567389ec9da8"},"headline":"V\u00e4lkommen till Amina Chargings monter","datePublished":"2023-11-03T12:27:00+00:00","dateModified":"2024-12-20T12:29:54+00:00","mainEntityOfPage":{"@id":"https:\/\/spaceproduction.se\/2023\/11\/03\/valkommen-till-amina-chargings-monter\/"},"wordCount":167,"commentCount":0,"publisher":{"@id":"https:\/\/spaceproduction.se\/#organization"},"image":{"@id":"https:\/\/spaceproduction.se\/2023\/11\/03\/valkommen-till-amina-chargings-monter\/#primaryimage"},"thumbnailUrl":"https:\/\/spaceproduction.se\/wp-content\/uploads\/2024\/12\/398724932_822184019917026_4914042613074197589_n.jpg","articleSection":["Event"],"inLanguage":"en-GB","potentialAction":[{"@type":"CommentAction","name":"Comment","target":["https:\/\/spaceproduction.se\/2023\/11\/03\/valkommen-till-amina-chargings-monter\/#respond"]}]},{"@type":"WebPage","@id":"https:\/\/spaceproduction.se\/2023\/11\/03\/valkommen-till-amina-chargings-monter\/","url":"https:\/\/spaceproduction.se\/2023\/11\/03\/valkommen-till-amina-chargings-monter\/","name":"V\u00e4lkommen till Amina Chargings monter - Space Production","isPartOf":{"@id":"https:\/\/spaceproduction.se\/#website"},"primaryImageOfPage":{"@id":"https:\/\/spaceproduction.se\/2023\/11\/03\/valkommen-till-amina-chargings-monter\/#primaryimage"},"image":{"@id":"https:\/\/spaceproduction.se\/2023\/11\/03\/valkommen-till-amina-chargings-monter\/#primaryimage"},"thumbnailUrl":"https:\/\/spaceproduction.se\/wp-content\/uploads\/2024\/12\/398724932_822184019917026_4914042613074197589_n.jpg","datePublished":"2023-11-03T12:27:00+00:00","dateModified":"2024-12-20T12:29:54+00:00","description":"Space Production \u00e4r Nordens ledande helhetsleverant\u00f6r inom m\u00e4ssa, event och inredningsproduktion.","breadcrumb":{"@id":"https:\/\/spaceproduction.se\/2023\/11\/03\/valkommen-till-amina-chargings-monter\/#breadcrumb"},"inLanguage":"en-GB","potentialAction":[{"@type":"ReadAction","target":["https:\/\/spaceproduction.se\/2023\/11\/03\/valkommen-till-amina-chargings-monter\/"]}]},{"@type":"ImageObject","inLanguage":"en-GB","@id":"https:\/\/spaceproduction.se\/2023\/11\/03\/valkommen-till-amina-chargings-monter\/#primaryimage","url":"https:\/\/spaceproduction.se\/wp-content\/uploads\/2024\/12\/398724932_822184019917026_4914042613074197589_n.jpg","contentUrl":"https:\/\/spaceproduction.se\/wp-content\/uploads\/2024\/12\/398724932_822184019917026_4914042613074197589_n.jpg","width":2048,"height":1536},{"@type":"BreadcrumbList","@id":"https:\/\/spaceproduction.se\/2023\/11\/03\/valkommen-till-amina-chargings-monter\/#breadcrumb","itemListElement":[{"@type":"ListItem","position":1,"name":"Hem","item":"https:\/\/spaceproduction.se\/"},{"@type":"ListItem","position":2,"name":"V\u00e4lkommen till Amina Chargings monter"}]},{"@type":"WebSite","@id":"https:\/\/spaceproduction.se\/#website","url":"https:\/\/spaceproduction.se\/","name":"Space Production","description":"Montrar Event Inredning","publisher":{"@id":"https:\/\/spaceproduction.se\/#organization"},"alternateName":"Space","potentialAction":[{"@type":"SearchAction","target":{"@type":"EntryPoint","urlTemplate":"https:\/\/spaceproduction.se\/?s={search_term_string}"},"query-input":{"@type":"PropertyValueSpecification","valueRequired":true,"valueName":"search_term_string"}}],"inLanguage":"en-GB"},{"@type":"Organization","@id":"https:\/\/spaceproduction.se\/#organization","name":"Space Production","alternateName":"Space","url":"https:\/\/spaceproduction.se\/","logo":{"@type":"ImageObject","inLanguage":"en-GB","@id":"https:\/\/spaceproduction.se\/#\/schema\/logo\/image\/","url":"https:\/\/spaceproduction.se\/wp-content\/uploads\/2024\/12\/Space-Logo-Blue.jpg","contentUrl":"https:\/\/spaceproduction.se\/wp-content\/uploads\/2024\/12\/Space-Logo-Blue.jpg","width":567,"height":567,"caption":"Space Production"},"image":{"@id":"https:\/\/spaceproduction.se\/#\/schema\/logo\/image\/"},"sameAs":["https:\/\/www.facebook.com\/spaceproduction.se","https:\/\/www.instagram.com\/spaceproductiongbg\/","https:\/\/www.linkedin.com\/company\/space-production-ab\/"]},{"@type":"Person","@id":"https:\/\/spaceproduction.se\/#\/schema\/person\/94eee119fd2870df1fee567389ec9da8","name":"Space Production","image":{"@type":"ImageObject","inLanguage":"en-GB","@id":"https:\/\/secure.gravatar.com\/avatar\/84d4bbc6907448b8b0be7d7945756e079a6d41d91a1607fb31107dc43178eab3?s=96&d=mm&r=g","url":"https:\/\/secure.gravatar.com\/avatar\/84d4bbc6907448b8b0be7d7945756e079a6d41d91a1607fb31107dc43178eab3?s=96&d=mm&r=g","contentUrl":"https:\/\/secure.gravatar.com\/avatar\/84d4bbc6907448b8b0be7d7945756e079a6d41d91a1607fb31107dc43178eab3?s=96&d=mm&r=g","caption":"Space Production"},"sameAs":["https:\/\/spaceproduction.se"],"url":"https:\/\/spaceproduction.se\/en\/author\/admin\/"}]}},"jetpack_featured_media_url":"https:\/\/spaceproduction.se\/wp-content\/uploads\/2024\/12\/398724932_822184019917026_4914042613074197589_n.jpg","jetpack_sharing_enabled":true,"_links":{"self":[{"href":"https:\/\/spaceproduction.se\/en\/wp-json\/wp\/v2\/posts\/1297","targetHints":{"allow":["GET"]}}],"collection":[{"href":"https:\/\/spaceproduction.se\/en\/wp-json\/wp\/v2\/posts"}],"about":[{"href":"https:\/\/spaceproduction.se\/en\/wp-json\/wp\/v2\/types\/post"}],"author":[{"embeddable":true,"href":"https:\/\/spaceproduction.se\/en\/wp-json\/wp\/v2\/users\/1"}],"replies":[{"embeddable":true,"href":"https:\/\/spaceproduction.se\/en\/wp-json\/wp\/v2\/comments?post=1297"}],"version-history":[{"count":4,"href":"https:\/\/spaceproduction.se\/en\/wp-json\/wp\/v2\/posts\/1297\/revisions"}],"predecessor-version":[{"id":1304,"href":"https:\/\/spaceproduction.se\/en\/wp-json\/wp\/v2\/posts\/1297\/revisions\/1304"}],"wp:featuredmedia":[{"embeddable":true,"href":"https:\/\/spaceproduction.se\/en\/wp-json\/wp\/v2\/media\/1300"}],"wp:attachment":[{"href":"https:\/\/spaceproduction.se\/en\/wp-json\/wp\/v2\/media?parent=1297"}],"wp:term":[{"taxonomy":"category","embeddable":true,"href":"https:\/\/spaceproduction.se\/en\/wp-json\/wp\/v2\/categories?post=1297"},{"taxonomy":"post_tag","embeddable":true,"href":"https:\/\/spaceproduction.se\/en\/wp-json\/wp\/v2\/tags?post=1297"}],"curies":[{"name":"wp","href":"https:\/\/api.w.org\/{rel}","templated":true}]}}