{"id":1551,"date":"2020-02-21T11:49:00","date_gmt":"2020-02-21T11:49:00","guid":{"rendered":"https:\/\/spaceproduction.se\/?p=1551"},"modified":"2025-01-13T11:53:25","modified_gmt":"2025-01-13T11:53:25","slug":"space-production-och-avinode-group-tar-den-svenska-skogen-over-atlanten","status":"publish","type":"post","link":"https:\/\/spaceproduction.se\/en\/2020\/02\/21\/space-production-och-avinode-group-tar-den-svenska-skogen-over-atlanten\/","title":{"rendered":"This is how Space Production and Avinode Group take the Swedish forest across the Atlantic (swe)"},"content":{"rendered":"<div data-elementor-type=\"wp-post\" data-elementor-id=\"1551\" class=\"elementor elementor-1551\" data-elementor-post-type=\"post\">\n\t\t\t\t<div class=\"elementor-element elementor-element-ba97e87 e-flex e-con-boxed e-con e-parent\" data-id=\"ba97e87\" data-element_type=\"container\" data-e-type=\"container\">\n\t\t\t\t\t<div class=\"e-con-inner\">\n\t\t\t\t<div class=\"elementor-element elementor-element-0ae8b1f elementor-widget elementor-widget-text-editor\" data-id=\"0ae8b1f\" data-element_type=\"widget\" data-e-type=\"widget\" data-widget_type=\"text-editor.default\">\n\t\t\t\t<div class=\"elementor-widget-container\">\n\t\t\t\t\t\t\t\t\t<p><strong>Artificiella tr\u00e4d, specialbyggda transportl\u00e5dor och doften av nyklippt gr\u00e4s. Det \u00e4r nycklarna n\u00e4r Space Production och Avinode Group skapar en internationell monter med k\u00e4nslan av en svensk skogsgl\u00e4nta.<\/strong><\/p>\t\t\t\t\t\t\t\t<\/div>\n\t\t\t\t<\/div>\n\t\t\t\t<div class=\"elementor-element elementor-element-eb56ea0 elementor-widget elementor-widget-image\" data-id=\"eb56ea0\" data-element_type=\"widget\" data-e-type=\"widget\" data-widget_type=\"image.default\">\n\t\t\t\t<div class=\"elementor-widget-container\">\n\t\t\t\t\t\t\t\t\t\t\t\t\t\t\t<img fetchpriority=\"high\" decoding=\"async\" width=\"800\" height=\"450\" src=\"https:\/\/spaceproduction.se\/wp-content\/uploads\/2025\/01\/nyheter-200221-01-1024x576.jpg\" class=\"attachment-large size-large wp-image-1553\" alt=\"\" srcset=\"https:\/\/spaceproduction.se\/wp-content\/uploads\/2025\/01\/nyheter-200221-01-1024x576.jpg 1024w, https:\/\/spaceproduction.se\/wp-content\/uploads\/2025\/01\/nyheter-200221-01-300x169.jpg 300w, https:\/\/spaceproduction.se\/wp-content\/uploads\/2025\/01\/nyheter-200221-01-768x432.jpg 768w, https:\/\/spaceproduction.se\/wp-content\/uploads\/2025\/01\/nyheter-200221-01-18x10.jpg 18w, https:\/\/spaceproduction.se\/wp-content\/uploads\/2025\/01\/nyheter-200221-01.jpg 1080w\" sizes=\"(max-width: 800px) 100vw, 800px\" \/>\t\t\t\t\t\t\t\t\t\t\t\t\t\t\t<\/div>\n\t\t\t\t<\/div>\n\t\t\t\t<div class=\"elementor-element elementor-element-b83d567 elementor-widget elementor-widget-text-editor\" data-id=\"b83d567\" data-element_type=\"widget\" data-e-type=\"widget\" data-widget_type=\"text-editor.default\">\n\t\t\t\t<div class=\"elementor-widget-container\">\n\t\t\t\t\t\t\t\t\t<p>Avinode Group grundades f\u00f6r 19 \u00e5r sedan och driver sedan dess den st\u00f6rsta marknadsplatsen f\u00f6r business aviation. Avinode digitaliserade en bransch som fram till dess varit analog, och har i dag en intelligent mjukvara f\u00f6r att kunna vara privatjetbranschens l\u00e4nk mellan utbud och efterfr\u00e5gan.<\/p><p>\u00c4ven om Avinode \u00e4r ett f\u00f6retag med mycket h\u00f6g digital kompetens, \u00e4r det fysiska m\u00f6tet extremt viktigt f\u00f6r att kunna g\u00f6ra aff\u00e4rer och st\u00e4rka relationer. Varje \u00e5r har Avinode d\u00e4rf\u00f6r stora montrar p\u00e5 EBACE i Geneve och p\u00e5 NBAA, som vartannat \u00e5r alternerar mellan Las Vegas och Orlando. F\u00f6r en tid sedan best\u00e4mde sig Avinode f\u00f6r att ta fram ett nytt koncept till m\u00e4ssorna, n\u00e5got som stack ut ur m\u00e4ngden. Nineyards fick i uppdrag att skapa ett koncept, d\u00e4r briefen var att g\u00f6ra en monter med m\u00e5nga digitala element, men d\u00e4r bes\u00f6karens tankar dras till naturen.<\/p><p>\u2013 I min vision s\u00e5g jag riktiga tr\u00e4d och k\u00e4nde doften av skog. Jag ville verkligen f\u00e5 fram att vi \u00e4r ett f\u00f6retag fr\u00e5n Sverige, vilket \u00e4r unikt i v\u00e5r bransch. Jag ville att v\u00e5r monter skulle k\u00e4nnas svensk och fokusera p\u00e5 naturen och det humana, snarare \u00e4n p\u00e5 flygplan som alla andra g\u00f6r p\u00e5 under m\u00e4ssorna, ber\u00e4ttar Alexandra MacRae, marknadschef p\u00e5 Avinode.<\/p><p>\u2013 Vi ville ocks\u00e5 ha ett tydligt digitalt fokus. Montern beh\u00f6vde vara uppbyggd kring stora sk\u00e4rmar d\u00e4r man enkelt kan f\u00f6r\u00e4ndra vad som visas. Dels f\u00f6r att vi \u00e4r ett digitalt f\u00f6retag, men ocks\u00e5 f\u00f6r att montern inte ska beh\u00f6va byggas om inf\u00f6r varje m\u00e4ssa. Jag tycker det \u00e4r vansinne att g\u00f6ra nytt varje g\u00e5ng.<\/p><p>Visionen hamnade hos Space Production, som fick i uppdrag att omvandla konceptid\u00e9erna till fysiska element och konstruktioner. Eftersom montermaterialet skulle transporteras fr\u00e5n Europa till USA och tillbaka igen, stod det snabbt klart att levande tr\u00e4d inte var att t\u00e4nka p\u00e5 d\u00e5 de inte kommer genom tullen. L\u00f6sningen blev i st\u00e4llet artificiella tr\u00e4d av aluminium och tyg, som matchas med subtilt f\u00e5gelkvitter i h\u00f6gtalarna och en maskin som sprider doften av nyklippt gr\u00e4s.<\/p><p>\u2013 De h\u00e4r detaljerna ledde till att vi kunde skapa en unik helhetsupplevelse, d\u00e4r vi fokuserar p\u00e5 syn, h\u00f6rsel, doft och k\u00e4nsel. Vi ville skapa en plats d\u00e4r alla ville h\u00e4nga och vi har verkligen lyckats. Det har vi ocks\u00e5 m\u00e4rkt p\u00e5 bes\u00f6karna. M\u00e4nniskor som jobbar inom business aviation anv\u00e4nder g\u00e4rna v\u00e5r monter som h\u00e5llpunkt och m\u00f6tesplats, vilket s\u00e5 klart underbygger v\u00e5rt varum\u00e4rke, s\u00e4ger Alexandra MacRae.<\/p>\t\t\t\t\t\t\t\t<\/div>\n\t\t\t\t<\/div>\n\t\t\t\t<div class=\"elementor-element elementor-element-3a5fa71 elementor-widget elementor-widget-image\" data-id=\"3a5fa71\" data-element_type=\"widget\" data-e-type=\"widget\" data-widget_type=\"image.default\">\n\t\t\t\t<div class=\"elementor-widget-container\">\n\t\t\t\t\t\t\t\t\t\t\t\t\t\t\t<img decoding=\"async\" width=\"800\" height=\"450\" src=\"https:\/\/spaceproduction.se\/wp-content\/uploads\/2025\/01\/nyheter-200221-03-1024x576.jpg\" class=\"attachment-large size-large wp-image-1554\" alt=\"\" srcset=\"https:\/\/spaceproduction.se\/wp-content\/uploads\/2025\/01\/nyheter-200221-03-1024x576.jpg 1024w, https:\/\/spaceproduction.se\/wp-content\/uploads\/2025\/01\/nyheter-200221-03-300x169.jpg 300w, https:\/\/spaceproduction.se\/wp-content\/uploads\/2025\/01\/nyheter-200221-03-768x432.jpg 768w, https:\/\/spaceproduction.se\/wp-content\/uploads\/2025\/01\/nyheter-200221-03-18x10.jpg 18w, https:\/\/spaceproduction.se\/wp-content\/uploads\/2025\/01\/nyheter-200221-03.jpg 1080w\" sizes=\"(max-width: 800px) 100vw, 800px\" \/>\t\t\t\t\t\t\t\t\t\t\t\t\t\t\t<\/div>\n\t\t\t\t<\/div>\n\t\t\t\t<div class=\"elementor-element elementor-element-cbc0dbe elementor-widget elementor-widget-text-editor\" data-id=\"cbc0dbe\" data-element_type=\"widget\" data-e-type=\"widget\" data-widget_type=\"text-editor.default\">\n\t\t\t\t<div class=\"elementor-widget-container\">\n\t\t\t\t\t\t\t\t\t<p>F\u00f6r Space Production innebar projektet flera stora utmaningar, bland annat beh\u00f6vde man g\u00f6ra montern transporteffektiv och anpassningsbar. Detta d\u00e5 den ska kunna anv\u00e4ndas b\u00e5de i USA och Europa med ytor p\u00e5 270 respektive 216 m2, utan att kompromissa med kvalitet och funktioner. En annan utmaning har varit att g\u00f6ra allt kostnadseffektivt. Avinode Group ville till exempel ha h\u00f6jd i montern men undvika att betala f\u00f6r de h\u00f6ga kostnader som kommer med h\u00e4ngande truss, framf\u00f6rallt i USA. L\u00f6sningen blev d\u00e5 en byggnadsstruktur med ett pergolainspirerat rastertak med integrerad belysning.<\/p><p>\u2013 Vi har ocks\u00e5 lagt extra stor vikt vid m\u00e5tten p\u00e5 alla transportl\u00e5dor. Allt material har packats i specialbyggda transportl\u00e5dor, anpassade f\u00f6r sj\u00f6frakt, lastbil och flyg. De specialbyggda l\u00e5dorna har dubbla funktioner. Dels g\u00f6r de att materialet h\u00e5ller s\u00e5 att det kan anv\u00e4ndas m\u00e5nga g\u00e5nger, men det g\u00f6r ocks\u00e5 att fraktkostnaderna inte beh\u00f6ver skjuta i h\u00f6jden. Inget \u00e4r s\u00e5 on\u00f6digt som att betala f\u00f6r att frakta luft, s\u00e4ger Mathias Andreasson p\u00e5 Space Production.<\/p><p>F\u00f6r att \u00f6ka den digitala n\u00e4rvaron har montern LED-sk\u00e4rmar p\u00e5 tv\u00e5 g\u00e5nger fem meter, som integrerats i en f\u00f6rr\u00e5dsbyggnad. Montern har ocks\u00e5 anpassats f\u00f6r att Avinodes partners ska kunna hyra plats. Varje partner f\u00e5r tillg\u00e5ng till en 32\u201d-sk\u00e4rm och montern inneh\u00e5ller dessutom integrerade m\u00f6tesrum och podier med inbyggd f\u00f6rvaring.<\/p><p>Avinodes monter \u00e4r byggd f\u00f6r att kunna leva i minst fem \u00e5r. Den har redan anv\u00e4nts p\u00e5 flera m\u00e4ssor, och i maj s\u00e4tts den upp igen i Geneve.<\/p>\t\t\t\t\t\t\t\t<\/div>\n\t\t\t\t<\/div>\n\t\t\t\t<div class=\"elementor-element elementor-element-ae5728e elementor-widget elementor-widget-image\" data-id=\"ae5728e\" data-element_type=\"widget\" data-e-type=\"widget\" data-widget_type=\"image.default\">\n\t\t\t\t<div class=\"elementor-widget-container\">\n\t\t\t\t\t\t\t\t\t\t\t\t\t\t\t<img decoding=\"async\" width=\"800\" height=\"450\" src=\"https:\/\/spaceproduction.se\/wp-content\/uploads\/2025\/01\/nyheter-200221-02-1024x576.jpg\" class=\"attachment-large size-large wp-image-1555\" alt=\"\" srcset=\"https:\/\/spaceproduction.se\/wp-content\/uploads\/2025\/01\/nyheter-200221-02-1024x576.jpg 1024w, https:\/\/spaceproduction.se\/wp-content\/uploads\/2025\/01\/nyheter-200221-02-300x169.jpg 300w, https:\/\/spaceproduction.se\/wp-content\/uploads\/2025\/01\/nyheter-200221-02-768x432.jpg 768w, https:\/\/spaceproduction.se\/wp-content\/uploads\/2025\/01\/nyheter-200221-02-18x10.jpg 18w, https:\/\/spaceproduction.se\/wp-content\/uploads\/2025\/01\/nyheter-200221-02.jpg 1080w\" sizes=\"(max-width: 800px) 100vw, 800px\" \/>\t\t\t\t\t\t\t\t\t\t\t\t\t\t\t<\/div>\n\t\t\t\t<\/div>\n\t\t\t\t<div class=\"elementor-element elementor-element-44ce2d0 elementor-widget elementor-widget-text-editor\" data-id=\"44ce2d0\" data-element_type=\"widget\" data-e-type=\"widget\" data-widget_type=\"text-editor.default\">\n\t\t\t\t<div class=\"elementor-widget-container\">\n\t\t\t\t\t\t\t\t\t<p>\u2013 Vi \u00e4r glada \u00f6ver att ha arbetat med Avinode Group under en l\u00e5ng tid och att vi d\u00e4rmed arbetat upp en s\u00e5 fin relation. Det h\u00e4r \u00e4r ett bra exempel p\u00e5 n\u00e4r vi f\u00e5r anv\u00e4nda v\u00e5r internationella kompetens och det visar hur bra det blir n\u00e4r man anpassar montern efter marknaden och m\u00e5lgruppen, s\u00e4ger Mathias Andreasson.<\/p><p><em>Text: Magnus Carlsson<\/em><\/p>\t\t\t\t\t\t\t\t<\/div>\n\t\t\t\t<\/div>\n\t\t\t\t\t<\/div>\n\t\t\t\t<\/div>\n\t\t\t\t<\/div>","protected":false},"excerpt":{"rendered":"<p>Artificiella tr\u00e4d, specialbyggda transportl\u00e5dor och doften av nyklippt gr\u00e4s. Det \u00e4r nycklarna n\u00e4r Space Production och Avinode Group skapar en internationell monter med k\u00e4nslan av en svensk skogsgl\u00e4nta.<\/p>","protected":false},"author":1,"featured_media":1553,"comment_status":"open","ping_status":"open","sticky":false,"template":"","format":"standard","meta":{"_jetpack_memberships_contains_paid_content":false,"footnotes":""},"categories":[12],"tags":[],"class_list":["post-1551","post","type-post","status-publish","format-standard","has-post-thumbnail","hentry","category-event"],"yoast_head":"<!-- This site is optimized with the Yoast SEO plugin v27.5 - https:\/\/yoast.com\/product\/yoast-seo-wordpress\/ -->\n<title>Space Production och Avinode Group tar den svenska skogen \u00f6ver Atlanten - Space Production<\/title>\n<meta name=\"description\" content=\"Space Production \u00e4r Nordens ledande helhetsleverant\u00f6r inom m\u00e4ssa, event och inredningsproduktion.\" \/>\n<meta name=\"robots\" content=\"index, follow, max-snippet:-1, max-image-preview:large, max-video-preview:-1\" \/>\n<link rel=\"canonical\" href=\"https:\/\/spaceproduction.se\/en\/2020\/02\/21\/space-production-och-avinode-group-tar-den-svenska-skogen-over-atlanten\/\" \/>\n<meta property=\"og:locale\" content=\"en_GB\" \/>\n<meta property=\"og:type\" content=\"article\" \/>\n<meta property=\"og:title\" content=\"Space Production och Avinode Group tar den svenska skogen \u00f6ver Atlanten - Space Production\" \/>\n<meta property=\"og:description\" content=\"Space Production \u00e4r Nordens ledande helhetsleverant\u00f6r inom m\u00e4ssa, event och inredningsproduktion.\" \/>\n<meta property=\"og:url\" content=\"https:\/\/spaceproduction.se\/en\/2020\/02\/21\/space-production-och-avinode-group-tar-den-svenska-skogen-over-atlanten\/\" \/>\n<meta property=\"og:site_name\" content=\"Space Production\" \/>\n<meta property=\"article:publisher\" content=\"https:\/\/www.facebook.com\/spaceproduction.se\" \/>\n<meta property=\"article:published_time\" content=\"2020-02-21T11:49:00+00:00\" \/>\n<meta property=\"article:modified_time\" content=\"2025-01-13T11:53:25+00:00\" \/>\n<meta property=\"og:image\" content=\"https:\/\/spaceproduction.se\/wp-content\/uploads\/2025\/01\/nyheter-200221-01.jpg\" \/>\n\t<meta property=\"og:image:width\" content=\"1080\" \/>\n\t<meta property=\"og:image:height\" content=\"608\" \/>\n\t<meta property=\"og:image:type\" content=\"image\/jpeg\" \/>\n<meta name=\"author\" content=\"Space Production\" \/>\n<meta name=\"twitter:card\" content=\"summary_large_image\" \/>\n<meta name=\"twitter:label1\" content=\"Written by\" \/>\n\t<meta name=\"twitter:data1\" content=\"Space Production\" \/>\n\t<meta name=\"twitter:label2\" content=\"Estimated reading time\" \/>\n\t<meta name=\"twitter:data2\" content=\"4 minutes\" \/>\n<script type=\"application\/ld+json\" class=\"yoast-schema-graph\">{\"@context\":\"https:\\\/\\\/schema.org\",\"@graph\":[{\"@type\":\"Article\",\"@id\":\"https:\\\/\\\/spaceproduction.se\\\/2020\\\/02\\\/21\\\/space-production-och-avinode-group-tar-den-svenska-skogen-over-atlanten\\\/#article\",\"isPartOf\":{\"@id\":\"https:\\\/\\\/spaceproduction.se\\\/2020\\\/02\\\/21\\\/space-production-och-avinode-group-tar-den-svenska-skogen-over-atlanten\\\/\"},\"author\":{\"name\":\"Space Production\",\"@id\":\"https:\\\/\\\/spaceproduction.se\\\/#\\\/schema\\\/person\\\/94eee119fd2870df1fee567389ec9da8\"},\"headline\":\"Space Production och Avinode Group tar den svenska skogen \u00f6ver Atlanten\",\"datePublished\":\"2020-02-21T11:49:00+00:00\",\"dateModified\":\"2025-01-13T11:53:25+00:00\",\"mainEntityOfPage\":{\"@id\":\"https:\\\/\\\/spaceproduction.se\\\/2020\\\/02\\\/21\\\/space-production-och-avinode-group-tar-den-svenska-skogen-over-atlanten\\\/\"},\"wordCount\":864,\"commentCount\":0,\"publisher\":{\"@id\":\"https:\\\/\\\/spaceproduction.se\\\/#organization\"},\"image\":{\"@id\":\"https:\\\/\\\/spaceproduction.se\\\/2020\\\/02\\\/21\\\/space-production-och-avinode-group-tar-den-svenska-skogen-over-atlanten\\\/#primaryimage\"},\"thumbnailUrl\":\"https:\\\/\\\/spaceproduction.se\\\/wp-content\\\/uploads\\\/2025\\\/01\\\/nyheter-200221-01.jpg\",\"articleSection\":[\"Event\"],\"inLanguage\":\"en-GB\",\"potentialAction\":[{\"@type\":\"CommentAction\",\"name\":\"Comment\",\"target\":[\"https:\\\/\\\/spaceproduction.se\\\/2020\\\/02\\\/21\\\/space-production-och-avinode-group-tar-den-svenska-skogen-over-atlanten\\\/#respond\"]}]},{\"@type\":\"WebPage\",\"@id\":\"https:\\\/\\\/spaceproduction.se\\\/2020\\\/02\\\/21\\\/space-production-och-avinode-group-tar-den-svenska-skogen-over-atlanten\\\/\",\"url\":\"https:\\\/\\\/spaceproduction.se\\\/2020\\\/02\\\/21\\\/space-production-och-avinode-group-tar-den-svenska-skogen-over-atlanten\\\/\",\"name\":\"Space Production och Avinode Group tar den svenska skogen \u00f6ver Atlanten - Space Production\",\"isPartOf\":{\"@id\":\"https:\\\/\\\/spaceproduction.se\\\/#website\"},\"primaryImageOfPage\":{\"@id\":\"https:\\\/\\\/spaceproduction.se\\\/2020\\\/02\\\/21\\\/space-production-och-avinode-group-tar-den-svenska-skogen-over-atlanten\\\/#primaryimage\"},\"image\":{\"@id\":\"https:\\\/\\\/spaceproduction.se\\\/2020\\\/02\\\/21\\\/space-production-och-avinode-group-tar-den-svenska-skogen-over-atlanten\\\/#primaryimage\"},\"thumbnailUrl\":\"https:\\\/\\\/spaceproduction.se\\\/wp-content\\\/uploads\\\/2025\\\/01\\\/nyheter-200221-01.jpg\",\"datePublished\":\"2020-02-21T11:49:00+00:00\",\"dateModified\":\"2025-01-13T11:53:25+00:00\",\"description\":\"Space Production \u00e4r Nordens ledande helhetsleverant\u00f6r inom m\u00e4ssa, event och inredningsproduktion.\",\"breadcrumb\":{\"@id\":\"https:\\\/\\\/spaceproduction.se\\\/2020\\\/02\\\/21\\\/space-production-och-avinode-group-tar-den-svenska-skogen-over-atlanten\\\/#breadcrumb\"},\"inLanguage\":\"en-GB\",\"potentialAction\":[{\"@type\":\"ReadAction\",\"target\":[\"https:\\\/\\\/spaceproduction.se\\\/2020\\\/02\\\/21\\\/space-production-och-avinode-group-tar-den-svenska-skogen-over-atlanten\\\/\"]}]},{\"@type\":\"ImageObject\",\"inLanguage\":\"en-GB\",\"@id\":\"https:\\\/\\\/spaceproduction.se\\\/2020\\\/02\\\/21\\\/space-production-och-avinode-group-tar-den-svenska-skogen-over-atlanten\\\/#primaryimage\",\"url\":\"https:\\\/\\\/spaceproduction.se\\\/wp-content\\\/uploads\\\/2025\\\/01\\\/nyheter-200221-01.jpg\",\"contentUrl\":\"https:\\\/\\\/spaceproduction.se\\\/wp-content\\\/uploads\\\/2025\\\/01\\\/nyheter-200221-01.jpg\",\"width\":1080,\"height\":608},{\"@type\":\"BreadcrumbList\",\"@id\":\"https:\\\/\\\/spaceproduction.se\\\/2020\\\/02\\\/21\\\/space-production-och-avinode-group-tar-den-svenska-skogen-over-atlanten\\\/#breadcrumb\",\"itemListElement\":[{\"@type\":\"ListItem\",\"position\":1,\"name\":\"Hem\",\"item\":\"https:\\\/\\\/spaceproduction.se\\\/\"},{\"@type\":\"ListItem\",\"position\":2,\"name\":\"Space Production och Avinode Group tar den svenska skogen \u00f6ver Atlanten\"}]},{\"@type\":\"WebSite\",\"@id\":\"https:\\\/\\\/spaceproduction.se\\\/#website\",\"url\":\"https:\\\/\\\/spaceproduction.se\\\/\",\"name\":\"Space Production\",\"description\":\"Montrar Event Inredning\",\"publisher\":{\"@id\":\"https:\\\/\\\/spaceproduction.se\\\/#organization\"},\"alternateName\":\"Space\",\"potentialAction\":[{\"@type\":\"SearchAction\",\"target\":{\"@type\":\"EntryPoint\",\"urlTemplate\":\"https:\\\/\\\/spaceproduction.se\\\/?s={search_term_string}\"},\"query-input\":{\"@type\":\"PropertyValueSpecification\",\"valueRequired\":true,\"valueName\":\"search_term_string\"}}],\"inLanguage\":\"en-GB\"},{\"@type\":\"Organization\",\"@id\":\"https:\\\/\\\/spaceproduction.se\\\/#organization\",\"name\":\"Space Production\",\"alternateName\":\"Space\",\"url\":\"https:\\\/\\\/spaceproduction.se\\\/\",\"logo\":{\"@type\":\"ImageObject\",\"inLanguage\":\"en-GB\",\"@id\":\"https:\\\/\\\/spaceproduction.se\\\/#\\\/schema\\\/logo\\\/image\\\/\",\"url\":\"https:\\\/\\\/spaceproduction.se\\\/wp-content\\\/uploads\\\/2024\\\/12\\\/Space-Logo-Blue.jpg\",\"contentUrl\":\"https:\\\/\\\/spaceproduction.se\\\/wp-content\\\/uploads\\\/2024\\\/12\\\/Space-Logo-Blue.jpg\",\"width\":567,\"height\":567,\"caption\":\"Space Production\"},\"image\":{\"@id\":\"https:\\\/\\\/spaceproduction.se\\\/#\\\/schema\\\/logo\\\/image\\\/\"},\"sameAs\":[\"https:\\\/\\\/www.facebook.com\\\/spaceproduction.se\",\"https:\\\/\\\/www.instagram.com\\\/spaceproductiongbg\\\/\",\"https:\\\/\\\/www.linkedin.com\\\/company\\\/space-production-ab\\\/\"]},{\"@type\":\"Person\",\"@id\":\"https:\\\/\\\/spaceproduction.se\\\/#\\\/schema\\\/person\\\/94eee119fd2870df1fee567389ec9da8\",\"name\":\"Space Production\",\"image\":{\"@type\":\"ImageObject\",\"inLanguage\":\"en-GB\",\"@id\":\"https:\\\/\\\/secure.gravatar.com\\\/avatar\\\/84d4bbc6907448b8b0be7d7945756e079a6d41d91a1607fb31107dc43178eab3?s=96&d=mm&r=g\",\"url\":\"https:\\\/\\\/secure.gravatar.com\\\/avatar\\\/84d4bbc6907448b8b0be7d7945756e079a6d41d91a1607fb31107dc43178eab3?s=96&d=mm&r=g\",\"contentUrl\":\"https:\\\/\\\/secure.gravatar.com\\\/avatar\\\/84d4bbc6907448b8b0be7d7945756e079a6d41d91a1607fb31107dc43178eab3?s=96&d=mm&r=g\",\"caption\":\"Space Production\"},\"sameAs\":[\"https:\\\/\\\/spaceproduction.se\"],\"url\":\"https:\\\/\\\/spaceproduction.se\\\/en\\\/author\\\/admin\\\/\"}]}<\/script>\n<!-- \/ Yoast SEO plugin. -->","yoast_head_json":{"title":"Space Production och Avinode Group tar den svenska skogen \u00f6ver Atlanten - Space Production","description":"Space Production \u00e4r Nordens ledande helhetsleverant\u00f6r inom m\u00e4ssa, event och inredningsproduktion.","robots":{"index":"index","follow":"follow","max-snippet":"max-snippet:-1","max-image-preview":"max-image-preview:large","max-video-preview":"max-video-preview:-1"},"canonical":"https:\/\/spaceproduction.se\/en\/2020\/02\/21\/space-production-och-avinode-group-tar-den-svenska-skogen-over-atlanten\/","og_locale":"en_GB","og_type":"article","og_title":"Space Production och Avinode Group tar den svenska skogen \u00f6ver Atlanten - Space Production","og_description":"Space Production \u00e4r Nordens ledande helhetsleverant\u00f6r inom m\u00e4ssa, event och inredningsproduktion.","og_url":"https:\/\/spaceproduction.se\/en\/2020\/02\/21\/space-production-och-avinode-group-tar-den-svenska-skogen-over-atlanten\/","og_site_name":"Space Production","article_publisher":"https:\/\/www.facebook.com\/spaceproduction.se","article_published_time":"2020-02-21T11:49:00+00:00","article_modified_time":"2025-01-13T11:53:25+00:00","og_image":[{"width":1080,"height":608,"url":"https:\/\/spaceproduction.se\/wp-content\/uploads\/2025\/01\/nyheter-200221-01.jpg","type":"image\/jpeg"}],"author":"Space Production","twitter_card":"summary_large_image","twitter_misc":{"Written by":"Space Production","Estimated reading time":"4 minutes"},"schema":{"@context":"https:\/\/schema.org","@graph":[{"@type":"Article","@id":"https:\/\/spaceproduction.se\/2020\/02\/21\/space-production-och-avinode-group-tar-den-svenska-skogen-over-atlanten\/#article","isPartOf":{"@id":"https:\/\/spaceproduction.se\/2020\/02\/21\/space-production-och-avinode-group-tar-den-svenska-skogen-over-atlanten\/"},"author":{"name":"Space Production","@id":"https:\/\/spaceproduction.se\/#\/schema\/person\/94eee119fd2870df1fee567389ec9da8"},"headline":"Space Production och Avinode Group tar den svenska skogen \u00f6ver Atlanten","datePublished":"2020-02-21T11:49:00+00:00","dateModified":"2025-01-13T11:53:25+00:00","mainEntityOfPage":{"@id":"https:\/\/spaceproduction.se\/2020\/02\/21\/space-production-och-avinode-group-tar-den-svenska-skogen-over-atlanten\/"},"wordCount":864,"commentCount":0,"publisher":{"@id":"https:\/\/spaceproduction.se\/#organization"},"image":{"@id":"https:\/\/spaceproduction.se\/2020\/02\/21\/space-production-och-avinode-group-tar-den-svenska-skogen-over-atlanten\/#primaryimage"},"thumbnailUrl":"https:\/\/spaceproduction.se\/wp-content\/uploads\/2025\/01\/nyheter-200221-01.jpg","articleSection":["Event"],"inLanguage":"en-GB","potentialAction":[{"@type":"CommentAction","name":"Comment","target":["https:\/\/spaceproduction.se\/2020\/02\/21\/space-production-och-avinode-group-tar-den-svenska-skogen-over-atlanten\/#respond"]}]},{"@type":"WebPage","@id":"https:\/\/spaceproduction.se\/2020\/02\/21\/space-production-och-avinode-group-tar-den-svenska-skogen-over-atlanten\/","url":"https:\/\/spaceproduction.se\/2020\/02\/21\/space-production-och-avinode-group-tar-den-svenska-skogen-over-atlanten\/","name":"Space Production och Avinode Group tar den svenska skogen \u00f6ver Atlanten - Space Production","isPartOf":{"@id":"https:\/\/spaceproduction.se\/#website"},"primaryImageOfPage":{"@id":"https:\/\/spaceproduction.se\/2020\/02\/21\/space-production-och-avinode-group-tar-den-svenska-skogen-over-atlanten\/#primaryimage"},"image":{"@id":"https:\/\/spaceproduction.se\/2020\/02\/21\/space-production-och-avinode-group-tar-den-svenska-skogen-over-atlanten\/#primaryimage"},"thumbnailUrl":"https:\/\/spaceproduction.se\/wp-content\/uploads\/2025\/01\/nyheter-200221-01.jpg","datePublished":"2020-02-21T11:49:00+00:00","dateModified":"2025-01-13T11:53:25+00:00","description":"Space Production \u00e4r Nordens ledande helhetsleverant\u00f6r inom m\u00e4ssa, event och inredningsproduktion.","breadcrumb":{"@id":"https:\/\/spaceproduction.se\/2020\/02\/21\/space-production-och-avinode-group-tar-den-svenska-skogen-over-atlanten\/#breadcrumb"},"inLanguage":"en-GB","potentialAction":[{"@type":"ReadAction","target":["https:\/\/spaceproduction.se\/2020\/02\/21\/space-production-och-avinode-group-tar-den-svenska-skogen-over-atlanten\/"]}]},{"@type":"ImageObject","inLanguage":"en-GB","@id":"https:\/\/spaceproduction.se\/2020\/02\/21\/space-production-och-avinode-group-tar-den-svenska-skogen-over-atlanten\/#primaryimage","url":"https:\/\/spaceproduction.se\/wp-content\/uploads\/2025\/01\/nyheter-200221-01.jpg","contentUrl":"https:\/\/spaceproduction.se\/wp-content\/uploads\/2025\/01\/nyheter-200221-01.jpg","width":1080,"height":608},{"@type":"BreadcrumbList","@id":"https:\/\/spaceproduction.se\/2020\/02\/21\/space-production-och-avinode-group-tar-den-svenska-skogen-over-atlanten\/#breadcrumb","itemListElement":[{"@type":"ListItem","position":1,"name":"Hem","item":"https:\/\/spaceproduction.se\/"},{"@type":"ListItem","position":2,"name":"Space Production och Avinode Group tar den svenska skogen \u00f6ver Atlanten"}]},{"@type":"WebSite","@id":"https:\/\/spaceproduction.se\/#website","url":"https:\/\/spaceproduction.se\/","name":"Space Production","description":"Montrar Event Inredning","publisher":{"@id":"https:\/\/spaceproduction.se\/#organization"},"alternateName":"Space","potentialAction":[{"@type":"SearchAction","target":{"@type":"EntryPoint","urlTemplate":"https:\/\/spaceproduction.se\/?s={search_term_string}"},"query-input":{"@type":"PropertyValueSpecification","valueRequired":true,"valueName":"search_term_string"}}],"inLanguage":"en-GB"},{"@type":"Organization","@id":"https:\/\/spaceproduction.se\/#organization","name":"Space Production","alternateName":"Space","url":"https:\/\/spaceproduction.se\/","logo":{"@type":"ImageObject","inLanguage":"en-GB","@id":"https:\/\/spaceproduction.se\/#\/schema\/logo\/image\/","url":"https:\/\/spaceproduction.se\/wp-content\/uploads\/2024\/12\/Space-Logo-Blue.jpg","contentUrl":"https:\/\/spaceproduction.se\/wp-content\/uploads\/2024\/12\/Space-Logo-Blue.jpg","width":567,"height":567,"caption":"Space Production"},"image":{"@id":"https:\/\/spaceproduction.se\/#\/schema\/logo\/image\/"},"sameAs":["https:\/\/www.facebook.com\/spaceproduction.se","https:\/\/www.instagram.com\/spaceproductiongbg\/","https:\/\/www.linkedin.com\/company\/space-production-ab\/"]},{"@type":"Person","@id":"https:\/\/spaceproduction.se\/#\/schema\/person\/94eee119fd2870df1fee567389ec9da8","name":"Space Production","image":{"@type":"ImageObject","inLanguage":"en-GB","@id":"https:\/\/secure.gravatar.com\/avatar\/84d4bbc6907448b8b0be7d7945756e079a6d41d91a1607fb31107dc43178eab3?s=96&d=mm&r=g","url":"https:\/\/secure.gravatar.com\/avatar\/84d4bbc6907448b8b0be7d7945756e079a6d41d91a1607fb31107dc43178eab3?s=96&d=mm&r=g","contentUrl":"https:\/\/secure.gravatar.com\/avatar\/84d4bbc6907448b8b0be7d7945756e079a6d41d91a1607fb31107dc43178eab3?s=96&d=mm&r=g","caption":"Space Production"},"sameAs":["https:\/\/spaceproduction.se"],"url":"https:\/\/spaceproduction.se\/en\/author\/admin\/"}]}},"jetpack_featured_media_url":"https:\/\/spaceproduction.se\/wp-content\/uploads\/2025\/01\/nyheter-200221-01.jpg","jetpack_sharing_enabled":true,"_links":{"self":[{"href":"https:\/\/spaceproduction.se\/en\/wp-json\/wp\/v2\/posts\/1551","targetHints":{"allow":["GET"]}}],"collection":[{"href":"https:\/\/spaceproduction.se\/en\/wp-json\/wp\/v2\/posts"}],"about":[{"href":"https:\/\/spaceproduction.se\/en\/wp-json\/wp\/v2\/types\/post"}],"author":[{"embeddable":true,"href":"https:\/\/spaceproduction.se\/en\/wp-json\/wp\/v2\/users\/1"}],"replies":[{"embeddable":true,"href":"https:\/\/spaceproduction.se\/en\/wp-json\/wp\/v2\/comments?post=1551"}],"version-history":[{"count":5,"href":"https:\/\/spaceproduction.se\/en\/wp-json\/wp\/v2\/posts\/1551\/revisions"}],"predecessor-version":[{"id":1559,"href":"https:\/\/spaceproduction.se\/en\/wp-json\/wp\/v2\/posts\/1551\/revisions\/1559"}],"wp:featuredmedia":[{"embeddable":true,"href":"https:\/\/spaceproduction.se\/en\/wp-json\/wp\/v2\/media\/1553"}],"wp:attachment":[{"href":"https:\/\/spaceproduction.se\/en\/wp-json\/wp\/v2\/media?parent=1551"}],"wp:term":[{"taxonomy":"category","embeddable":true,"href":"https:\/\/spaceproduction.se\/en\/wp-json\/wp\/v2\/categories?post=1551"},{"taxonomy":"post_tag","embeddable":true,"href":"https:\/\/spaceproduction.se\/en\/wp-json\/wp\/v2\/tags?post=1551"}],"curies":[{"name":"wp","href":"https:\/\/api.w.org\/{rel}","templated":true}]}}